{"id":461,"date":"2020-05-16T10:00:49","date_gmt":"2020-05-16T01:00:49","guid":{"rendered":"https:\/\/artlingual.com\/staffblog\/?p=461"},"modified":"2020-05-09T12:37:54","modified_gmt":"2020-05-09T03:37:54","slug":"en-france-le-1er-maicest-la-fete-du-travail","status":"publish","type":"post","link":"https:\/\/artlingual.com\/staffblog\/?p=461","title":{"rendered":"En France le 1er mai,c\u2019est la F\u00eate du travail."},"content":{"rendered":"<p>Ce mois ci , un petit article sur le premier mai pour les &#8220;<strong>\u00e9tudiants avanc\u00e9s<\/strong>&#8221;<\/p>\n<p>En France si le 1er mai est un jour ch\u00f4m\u00e9 et pay\u00e9 depuis 1947, la F\u00eate du travail tire ses origines dans les manifestations des salari\u00e9s am\u00e9ricains qui r\u00e9clamaient en 1886 la journ\u00e9e de travail de 8 heures.<\/p>\n<p>En France, si le 1er mai, est un jour ch\u00f4m\u00e9 et pay\u00e9 depuis 1947, la F\u00eate du travail est n\u00e9e dans le pays de la libre entreprise&#8230; les \u00c9tats-Unis. En 1886, sous la pression syndicale, plus de 200.000 travailleurs am\u00e9ricains obtiennent la journ\u00e9e travaill\u00e9e 8 heures. Toutefois pour que cette mesure soit g\u00e9n\u00e9ralis\u00e9e, des salari\u00e9s ont d\u00fb se r\u00e9volter!<\/p>\n<p><strong>Chicago, le 1er mai 1886.<\/strong> Une gr\u00e8ve g\u00e9n\u00e9ralis\u00e9e, suivie par 400.000 salari\u00e9s paralyse un nombre important d&#8217;usines. Comme d&#8217;autres travailleurs, ils r\u00e9clament la journ\u00e9e de 8 heures de travail. Mais les patrons s&#8217;y opposent et le mouvement s&#8217;\u00e9ternise jusqu&#8217;au 4 mai 1886. Lors d&#8217;une manifestation, une bombe vise les policiers, qui de leur c\u00f4t\u00e9 ripostent. Si les manifestants obtiennent gain de cause, le bilan est lourd avec plus de dix morts.<\/p>\n<p><strong>Une fleur d&#8217;\u00e9glantine symbolisant les revendications<\/strong><\/p>\n<p><strong>Paris, juillet 1889.<\/strong> Trois ans apr\u00e8s les \u00e9meutes de Chicago, l&#8217;International socialiste se r\u00e9unit dans la capitale fran\u00e7aise et adopte le 1er mai comme la \u00abjourn\u00e9e internationale des travailleurs\u00bb. Pour la petite histoire, en 1890, les manifestants arboraient un triangle rouge qui symbolisait leur triple revendication: 8 heures de travail, 8 heures de sommeil, 8 heures de loisirs. Mais l&#8217;insigne sera vite remplac\u00e9e par une fleur d&#8217;\u00e9glantine&#8230; avant que le muguet ne la remplace plus tard.<\/p>\n<p><img loading=\"lazy\" decoding=\"async\" class=\"alignnone wp-image-463\" src=\"https:\/\/artlingual.com\/staffblog\/wp-content\/uploads\/2020\/05\/image1.jpeg\" alt=\"\" width=\"192\" height=\"249\" srcset=\"https:\/\/artlingual.com\/staffblog\/wp-content\/uploads\/2020\/05\/image1.jpeg 340w, https:\/\/artlingual.com\/staffblog\/wp-content\/uploads\/2020\/05\/image1-231x300.jpeg 231w\" sizes=\"auto, (max-width: 192px) 100vw, 192px\" \/> <img loading=\"lazy\" decoding=\"async\" class=\"alignnone wp-image-464\" src=\"https:\/\/artlingual.com\/staffblog\/wp-content\/uploads\/2020\/05\/image2.jpeg\" alt=\"\" width=\"240\" height=\"251\" srcset=\"https:\/\/artlingual.com\/staffblog\/wp-content\/uploads\/2020\/05\/image2.jpeg 432w, https:\/\/artlingual.com\/staffblog\/wp-content\/uploads\/2020\/05\/image2-287x300.jpeg 287w\" sizes=\"auto, (max-width: 240px) 100vw, 240px\" \/><\/p>\n<p><strong>Paris, le 23 avril 1919.<\/strong> Le S\u00e9nat ratifie la journ\u00e9e de 8 heures et fait du 1er mai de l&#8217;ann\u00e9e suivante, \u00e0 titre exceptionnel, une journ\u00e9e ch\u00f4m\u00e9e. Depuis, le premier jour du mois de mai est rest\u00e9 la journ\u00e9e internationale des revendications salariales et des d\u00e9fil\u00e9s des travailleurs. Mais c&#8217;est en 1936 que les manifestations vont marquer durablement l&#8217;imaginaire fran\u00e7ais. Ces derni\u00e8res qui ont contribu\u00e9 \u00e0 l&#8217;\u00e9lection du Front populaire au pouvoir, obtiennent des mesures en faveur des travailleurs: la semaine de 40 heures et les deux premi\u00e8res semaines de cong\u00e9s pay\u00e9s. En 1941 sous l&#8217;occupation nazie, le mar\u00e9chal P\u00e9tain d\u00e9cr\u00e8te le 1er mai comme \u00abF\u00eate du Travail et de la Concorde sociale\u00bb. \u00c0 partir de cette ann\u00e9e l\u00e0, l&#8217;expression \u00abF\u00eate du travail\u00bb remplace celle de \u00abF\u00eate des travailleurs\u00bb.<\/p>\n<p>\u65b0\u6f5f\u30a8\u30ea\u30a2\u3000R.Z<\/p>\n","protected":false},"excerpt":{"rendered":"<p>Ce mois ci , un petit art&#8230;<\/p>\n<div class=\"more-link-wrapper\"><a class=\"more-link\" href=\"https:\/\/artlingual.com\/staffblog\/?p=461\">\u7d9a\u304d\u3092\u8aad\u3080<span class=\"screen-reader-text\">En France le 1er mai,c\u2019est la F\u00eate du travail.<\/span><\/a><\/div>\n","protected":false},"author":4,"featured_media":462,"comment_status":"closed","ping_status":"closed","sticky":false,"template":"","format":"standard","meta":{"footnotes":""},"categories":[6,1],"tags":[],"class_list":["post-461","post","type-post","status-publish","format-standard","has-post-thumbnail","hentry","category-france","category-blog","entry"],"_links":{"self":[{"href":"https:\/\/artlingual.com\/staffblog\/index.php?rest_route=\/wp\/v2\/posts\/461","targetHints":{"allow":["GET"]}}],"collection":[{"href":"https:\/\/artlingual.com\/staffblog\/index.php?rest_route=\/wp\/v2\/posts"}],"about":[{"href":"https:\/\/artlingual.com\/staffblog\/index.php?rest_route=\/wp\/v2\/types\/post"}],"author":[{"embeddable":true,"href":"https:\/\/artlingual.com\/staffblog\/index.php?rest_route=\/wp\/v2\/users\/4"}],"replies":[{"embeddable":true,"href":"https:\/\/artlingual.com\/staffblog\/index.php?rest_route=%2Fwp%2Fv2%2Fcomments&post=461"}],"version-history":[{"count":3,"href":"https:\/\/artlingual.com\/staffblog\/index.php?rest_route=\/wp\/v2\/posts\/461\/revisions"}],"predecessor-version":[{"id":1618,"href":"https:\/\/artlingual.com\/staffblog\/index.php?rest_route=\/wp\/v2\/posts\/461\/revisions\/1618"}],"wp:featuredmedia":[{"embeddable":true,"href":"https:\/\/artlingual.com\/staffblog\/index.php?rest_route=\/wp\/v2\/media\/462"}],"wp:attachment":[{"href":"https:\/\/artlingual.com\/staffblog\/index.php?rest_route=%2Fwp%2Fv2%2Fmedia&parent=461"}],"wp:term":[{"taxonomy":"category","embeddable":true,"href":"https:\/\/artlingual.com\/staffblog\/index.php?rest_route=%2Fwp%2Fv2%2Fcategories&post=461"},{"taxonomy":"post_tag","embeddable":true,"href":"https:\/\/artlingual.com\/staffblog\/index.php?rest_route=%2Fwp%2Fv2%2Ftags&post=461"}],"curies":[{"name":"wp","href":"https:\/\/api.w.org\/{rel}","templated":true}]}}